{"id":1271,"date":"2019-10-02T20:50:45","date_gmt":"2019-10-02T20:50:45","guid":{"rendered":"http:\/\/sebadesalvo.com.ar\/blog\/?p=1271"},"modified":"2020-05-21T23:47:09","modified_gmt":"2020-05-21T23:47:09","slug":"10-anos-de-galas-del-rio","status":"publish","type":"post","link":"https:\/\/sebadesalvo.com.ar\/blog\/10-anos-de-galas-del-rio\/","title":{"rendered":"10 a\u00f1os de Galas del R\u00edo"},"content":{"rendered":"\n<p>En el marco del taller Escribir el r\u00edo, en La Paz, Entre R\u00edos, a fines de Agosto &#x1f525;<\/p>\n\n\n\n<figure class=\"wp-block-embed-vimeo wp-block-embed is-type-video is-provider-vimeo wp-embed-aspect-16-9 wp-has-aspect-ratio\"><div class=\"wp-block-embed__wrapper\">\n<iframe loading=\"lazy\" title=\"R\u00cdO, en Galas del R\u00edo, Edici\u00f3n 10 a\u00f1os, La Paz, Entre R\u00edos\" src=\"https:\/\/player.vimeo.com\/video\/412133429?dnt=1&amp;app_id=122963\" width=\"640\" height=\"360\" frameborder=\"0\" allow=\"autoplay; fullscreen; picture-in-picture; clipboard-write\"><\/iframe>\n<\/div><\/figure>\n","protected":false},"excerpt":{"rendered":"<p>En el marco del taller Escribir el r\u00edo, en La Paz, Entre R\u00edos, a fines de Agosto &#x1f525;<\/p>\n","protected":false},"author":1,"featured_media":1272,"comment_status":"closed","ping_status":"closed","sticky":false,"template":"","format":"standard","meta":{"footnotes":""},"categories":[92,66,93],"tags":[],"class_list":["post-1271","post","type-post","status-publish","format-standard","has-post-thumbnail","hentry","category-arte","category-poesia","category-talleres"],"_links":{"self":[{"href":"https:\/\/sebadesalvo.com.ar\/blog\/wp-json\/wp\/v2\/posts\/1271","targetHints":{"allow":["GET"]}}],"collection":[{"href":"https:\/\/sebadesalvo.com.ar\/blog\/wp-json\/wp\/v2\/posts"}],"about":[{"href":"https:\/\/sebadesalvo.com.ar\/blog\/wp-json\/wp\/v2\/types\/post"}],"author":[{"embeddable":true,"href":"https:\/\/sebadesalvo.com.ar\/blog\/wp-json\/wp\/v2\/users\/1"}],"replies":[{"embeddable":true,"href":"https:\/\/sebadesalvo.com.ar\/blog\/wp-json\/wp\/v2\/comments?post=1271"}],"version-history":[{"count":3,"href":"https:\/\/sebadesalvo.com.ar\/blog\/wp-json\/wp\/v2\/posts\/1271\/revisions"}],"predecessor-version":[{"id":1419,"href":"https:\/\/sebadesalvo.com.ar\/blog\/wp-json\/wp\/v2\/posts\/1271\/revisions\/1419"}],"wp:featuredmedia":[{"embeddable":true,"href":"https:\/\/sebadesalvo.com.ar\/blog\/wp-json\/wp\/v2\/media\/1272"}],"wp:attachment":[{"href":"https:\/\/sebadesalvo.com.ar\/blog\/wp-json\/wp\/v2\/media?parent=1271"}],"wp:term":[{"taxonomy":"category","embeddable":true,"href":"https:\/\/sebadesalvo.com.ar\/blog\/wp-json\/wp\/v2\/categories?post=1271"},{"taxonomy":"post_tag","embeddable":true,"href":"https:\/\/sebadesalvo.com.ar\/blog\/wp-json\/wp\/v2\/tags?post=1271"}],"curies":[{"name":"wp","href":"https:\/\/api.w.org\/{rel}","templated":true}]}}